{"id":322,"date":"2018-05-16T22:35:28","date_gmt":"2018-05-16T22:35:28","guid":{"rendered":"https:\/\/fondoparalainvestigacion.fundacionwwbcolombia.org\/en\/la-fundacion-wwb-colombia-anuncia-los-resultados-de-la-primera-convocatoria-del-fondo-fundacion-wwb-colombia-para-la-investigacion\/"},"modified":"2021-02-09T23:31:14","modified_gmt":"2021-02-09T23:31:14","slug":"la-fundacion-wwb-colombia-anuncia-los-resultados-de-la-primera-convocatoria-del-fondo-fundacion-wwb-colombia-para-la-investigacion","status":"publish","type":"post","link":"https:\/\/fondoparalainvestigacion.fundacionwwbcolombia.org\/en\/la-fundacion-wwb-colombia-anuncia-los-resultados-de-la-primera-convocatoria-del-fondo-fundacion-wwb-colombia-para-la-investigacion\/","title":{"rendered":"La Fundaci\u00f3n WWB Colombia anuncia los resultados de la primera convocatoria del Fondo Fundaci\u00f3n WWB Colombia para la Investigaci\u00f3n"},"content":{"rendered":"<p>\r\n\u25cb La Fundaci\u00f3n WWB Colombia seleccion\u00f3 siete proyectos de investigaci\u00f3n los cuales fueron postulados por grupos de investigaci\u00f3n y estudiantes de posgrado de la Universidad del Valle, la Universidad Javeriana de Cali, la Universidad Icesi, la Universidad de los Andes, y la Universidad Javeriana de Bogot\u00e1.\r\n\r\n\u25cb El valor total del apoyo financiero para el desarrollo de los trabajos de campo de los proyectos es de $541.077.729 de pesos.\r\n\r\n\u25cb En total postularon 27 proyectos en el campo de investigaci\u00f3n \u201ccontextos para el emprendimiento de las mujeres en \u00e1mbitos rurales\u201d, provenientes de diferentes partes de Colombia.\r\n<\/p>\r\n<strong>Cali, 16 de mayo de 2018.<\/strong>\r\n\r\n<p>La Fundaci\u00f3n WWB Colombia anuncia la selecci\u00f3n de los primeros proyectos de investigaci\u00f3n que ser\u00e1n apoyados financieramente con recursos del Fondo Fundaci\u00f3n WWB Colombia para la Investigaci\u00f3n, creado en diciembre de 2017. En esta primera convocatoria, titulada \u201cContextos para el emprendimiento de las mujeres en \u00e1mbitos rurales\u201d, se busca comprender las din\u00e1micas, tensiones, imaginarios, relaciones, desaf\u00edos, conflictos y posibilidades actuales en espacios rurales con relaci\u00f3n al emprendimiento liderado por o con participaci\u00f3n de mujeres en el Valle del Cauca.<\/p>\r\n\r\n<p>Los siete proyectos seleccionados corresponden a las siguientes categor\u00edas: cinco a grupos de investigaci\u00f3n nacionales y dos son proyectos de grado de maestr\u00eda. La categor\u00eda de proyectos de grado de doctorado fue declarada desierta por el comit\u00e9 acad\u00e9mico evaluador. Los proyectos ganadores fueron presentados por la Universidad Javeriana de Cali (dos proyectos), la Universidad Icesi, la Universidad de los Andes, la Universidad Javeriana de Bogot\u00e1, y la Universidad del Valle (dos proyectos).<\/p>\r\n\r\n<p>Los proyectos de investigaci\u00f3n aportar\u00e1n conocimiento de alta calidad para la identificaci\u00f3n de desaf\u00edos y oportunidades para las emprendedoras en Colombia.<\/p>\r\n\r\n<strong>Los proyectos de investigaci\u00f3n seleccionados son:<\/strong>\r\n\r\n<strong>Grupos de investigaci\u00f3n nacionales<\/strong>\r\n\r\n<ol>\r\n \t<li>\u201cCondiciones de la tenencia y acceso a la propiedad de la tierra de las mujeres campesinas Tulu\u00e1, Florida y Pradera en el Valle del Cauca\u201d, presentado por el grupo de investigaci\u00f3n Interculturalidad, Estado y Sociedad de la Universidad Javeriana Cali.<\/li>\r\n \t<li>\u201cCadenas de suministro e integraci\u00f3n al mercado de las mujeres emprendedoras rurales\u201d, presentado por el grupo de investigaci\u00f3n en Gesti\u00f3n P\u00fablica de la Universidad de los Andes.<\/li>\r\n \t<li>\u201cLos oficios y los saberes de las mujeres campesinas del Valle del Cauca. Las artes del decir y del hacer en las mujeres del campo\u201d, presentado por el grupo de investigaci\u00f3n de Humanitate de la Universidad Javeriana Cali.<\/li>\r\n \t<li>\u201cCaracterizaci\u00f3n de espacios efectivos de liderazgo en emprendimiento comunitario y econ\u00f3mico por parte de mujeres en siete consejos comunitarios de las comunidades negras de Buenaventura\u201d, presentado por el grupo de investigaci\u00f3n Institucionalidad y Desarrollo Rural de la Universidad Javeriana Bogot\u00e1.<\/li>\r\n \t<li>\u201cFomento de la Agricultura Familiar y Pr\u00e1cticas Tradicionales de Mujeres Afrodescendientes en el Valle del Cauca &#8211; Fase I\u201d, presentado por el grupo de investigaci\u00f3n Ecolog\u00eda y Diversidad Vegetal de la Universidad del Valle.<\/li>\r\n<\/ol>\r\n<br>\r\n<strong style=\"position: relative;\">Proyectos de grado de Maestr\u00eda<\/strong><\/li>\r\n<ul>\r\n \t<li>\u201cIdentificaci\u00f3n, caracterizaci\u00f3n y formulaci\u00f3n de una propuesta para el fortalecimiento de asociaciones campesinas lideradas por mujeres en Ansermanuevo (Valle) 2018\u201d, Universidad Icesi.<\/li>\r\n \t<li>\u201cPracticas culinarias de mujeres migrantes del Pac\u00edfico a Cali\u201d, Universidad del Valle<\/li>\r\n<\/ul>\r\n<strong>Proceso de selecci\u00f3n<\/strong>\r\n\r\n<p>Las propuestas recibidas en la convocatoria, cuyo proceso de inscripci\u00f3n de proyectos culmin\u00f3 el pasado 15 de marzo del presente a\u00f1o, que cumplieron con los requisitos m\u00ednimos exigidos en los t\u00e9rminos de referencia fueron enviadas a evaluaci\u00f3n externa. Dichas evaluaciones fueron realizadas por investigadores\/as nacionales y extranjeros con reconocida trayectoria en el campo de investigaci\u00f3n de la convocatoria. Una vez recibidas las valoraciones, los miembros del comit\u00e9 acad\u00e9mico evaluaron nuevamente las propuestas de investigaci\u00f3n y asignaron una segunda calificaci\u00f3n a cada una de las propuestas.<\/p>\r\n\r\n<p>Finalmente, en la sesi\u00f3n del Comit\u00e9 Acad\u00e9mico, a la luz de los resultados de la primera y la segunda evaluaci\u00f3n, se analiz\u00f3 la pertinencia y calidad de cada una de las propuestas, para llegar a la selecci\u00f3n final de los siete proyectos de investigaci\u00f3n a financiar con los recursos del fondo. El Comit\u00e9 Acad\u00e9mico encargado de esta labor estuvo compuesto por la Dra. Magdalena Le\u00f3n, evaluadora externa invitada para esta convocatoria; la Dra. Margarita Garrido y la Dra. Lina Fernanda Buchelly, miembros de la junta directiva de la FWWB Colombia; Daniela Konietzko, presidenta de la Fundaci\u00f3n WWB Colombia; y por la Dra. Carolina Borda, directora de investigaci\u00f3n de la misma organizaci\u00f3n.<\/p>\r\n\r\n<p>Daniela Konitezko, presidenta de la Fundaci\u00f3n WWB Colombia, afirma: \u201cCon la constituci\u00f3n de este fondo, la Fundaci\u00f3n reafirma su compromiso con la construcci\u00f3n de conocimiento para el cambio social, que promueva mayores niveles de inclusi\u00f3n y aporte al crecimiento socio econ\u00f3mico de la regi\u00f3n. Dentro de nuestros objetivos estrat\u00e9gicos est\u00e1 el fomento y promoci\u00f3n de la investigaci\u00f3n de alta calidad, en \u00e1reas relacionadas con el empoderamiento y emprendimiento de las mujeres en situaci\u00f3n de vulnerabilidad socioecon\u00f3mica en Colombia \u201d.<\/p>\r\n\r\n<p>&#8212;&#8212;&#8212;&#8212;&#8212;&#8212;&#8212;&#8212;&#8212;&#8212;&#8212;&#8212;&#8212;&#8212;&#8212;&#8212;&#8212;-<\/p>\r\n<strong>Sobre la Fundaci\u00f3n WWB Colombia.<\/strong>\r\n\r\n<p>La Fundaci\u00f3n WWB Colombia nace en el a\u00f1o 1982. Desde sus inicios ha tenido como prop\u00f3sito apoyar a la mujer emprendedora en situaci\u00f3n de vulnerabilidad socioecon\u00f3mica a trav\u00e9s de programas y proyectos que impulsan su papel positivo en la sociedad.<\/p>\r\n\r\n<p>En el a\u00f1o 2011 cre\u00f3 el Banco W destinado a facilitar el acceso a cr\u00e9dito a los sectores menos favorecidos, orientando sus actividades principalmente hacia el otorgamiento de cr\u00e9ditos al sector de la micro y peque\u00f1a empresa. A partir de ese momento la Fundaci\u00f3n concentr\u00f3 toda su actividad en impulsar procesos de empoderamiento de emprendedoras a trav\u00e9s de capacitaci\u00f3n especializada, fomento del liderazgo e investigaci\u00f3n, para que de manera aut\u00f3noma construyan un proyecto de vida digno y mejoren su nivel socioecon\u00f3mico y el de sus familias.<\/p>\r\n\r\n<p><strong>Mayor Informaci\u00f3n:<\/strong><\/p>\r\n<p>Grace Abadia \u2013 Coordinadora de comunicaciones corporativas<\/p>\r\n<p>Correo electr\u00f3nico: gabadia@fundacionwwbcol.org<\/p>\r\n<p>Tel\u00e9fono en Cali: (2)6670717. Ext. 114; celular: 310-598-4922<\/p>","protected":false},"excerpt":{"rendered":"\u25cb La Fundaci\u00f3n WWB Colombia seleccion\u00f3 siete proyectos de investigaci\u00f3n los cuales fueron postulados por grupos de investigaci\u00f3n y estudiantes de posgrado de la Universidad del Valle, la Universidad Javeriana de Cali, la Universidad Icesi, la Universidad de los Andes, y la Universidad Javeriana de Bogot\u00e1. \u25cb El valor total del apoyo financiero para el [&hellip;]","protected":false},"author":1,"featured_media":52,"comment_status":"open","ping_status":"open","sticky":false,"template":"","format":"standard","meta":{"footnotes":""},"categories":[27,26,11],"tags":[],"class_list":["post-322","post","type-post","status-publish","format-standard","has-post-thumbnail","hentry","category-comunicado-de-prensa-mayo-2018-en-2","category-sala-de-prensa","category-uncategorized"],"_links":{"self":[{"href":"https:\/\/fondoparalainvestigacion.fundacionwwbcolombia.org\/en\/wp-json\/wp\/v2\/posts\/322","targetHints":{"allow":["GET"]}}],"collection":[{"href":"https:\/\/fondoparalainvestigacion.fundacionwwbcolombia.org\/en\/wp-json\/wp\/v2\/posts"}],"about":[{"href":"https:\/\/fondoparalainvestigacion.fundacionwwbcolombia.org\/en\/wp-json\/wp\/v2\/types\/post"}],"author":[{"embeddable":true,"href":"https:\/\/fondoparalainvestigacion.fundacionwwbcolombia.org\/en\/wp-json\/wp\/v2\/users\/1"}],"replies":[{"embeddable":true,"href":"https:\/\/fondoparalainvestigacion.fundacionwwbcolombia.org\/en\/wp-json\/wp\/v2\/comments?post=322"}],"version-history":[{"count":1,"href":"https:\/\/fondoparalainvestigacion.fundacionwwbcolombia.org\/en\/wp-json\/wp\/v2\/posts\/322\/revisions"}],"predecessor-version":[{"id":330,"href":"https:\/\/fondoparalainvestigacion.fundacionwwbcolombia.org\/en\/wp-json\/wp\/v2\/posts\/322\/revisions\/330"}],"wp:featuredmedia":[{"embeddable":true,"href":"https:\/\/fondoparalainvestigacion.fundacionwwbcolombia.org\/en\/wp-json\/wp\/v2\/media\/52"}],"wp:attachment":[{"href":"https:\/\/fondoparalainvestigacion.fundacionwwbcolombia.org\/en\/wp-json\/wp\/v2\/media?parent=322"}],"wp:term":[{"taxonomy":"category","embeddable":true,"href":"https:\/\/fondoparalainvestigacion.fundacionwwbcolombia.org\/en\/wp-json\/wp\/v2\/categories?post=322"},{"taxonomy":"post_tag","embeddable":true,"href":"https:\/\/fondoparalainvestigacion.fundacionwwbcolombia.org\/en\/wp-json\/wp\/v2\/tags?post=322"}],"curies":[{"name":"wp","href":"https:\/\/api.w.org\/{rel}","templated":true}]}}