{"id":321,"date":"2018-11-07T22:53:38","date_gmt":"2018-11-07T22:53:38","guid":{"rendered":"https:\/\/fondoparalainvestigacion.fundacionwwbcolombia.org\/en\/extension-de-la-fecha-de-postulacion-de-proyectos-de-investigacion-para-investigadores-vinculados-a-universidades-publicas\/"},"modified":"2022-01-18T20:42:22","modified_gmt":"2022-01-18T20:42:22","slug":"extension-de-la-fecha-de-postulacion-de-proyectos-de-investigacion-para-investigadores-vinculados-a-universidades-publicas","status":"publish","type":"post","link":"https:\/\/fondoparalainvestigacion.fundacionwwbcolombia.org\/en\/extension-de-la-fecha-de-postulacion-de-proyectos-de-investigacion-para-investigadores-vinculados-a-universidades-publicas\/","title":{"rendered":"Extensi\u00f3n de la fecha de postulaci\u00f3n de proyectos de investigaci\u00f3n para investigadores vinculados a universidades p\u00fablicas"},"content":{"rendered":"\r\n<p>El Fondo Fundaci\u00f3n WWB Colombia para la Investigaci\u00f3n comunica que, debido al paro universitario en el que se encuentran las instituciones educativas p\u00fablicas, se tom\u00f3 la decisi\u00f3n de ampliar el plazo de postulaci\u00f3n de proyectos, hasta el pr\u00f3ximo <strong>20 de diciembre<\/strong> del a\u00f1o en curso.<\/p>\r\n\r\n<p>Cabe aclarar que la extensi\u00f3n de la postulaci\u00f3n de proyectos s\u00f3lo aplica para aquellos\/as estudiantes de maestr\u00eda, doctorado, o grupos de investigaci\u00f3n adscritos a universidades p\u00fablicas.<\/p>\r\n\r\n<p>Lo anterior, con el fin de otorgar la posibilidad y tiempo adecuado para que completen los documentos requeridos para participar de la segunda convocatoria <em>\u201cContextos y oportunidades para el emprendimiento de las mujeres en \u00e1mbitos rurales\u201d <\/em>del Fondo Fundaci\u00f3n WWB Colombia para la Investigaci\u00f3n.<\/p>\r\n\r\n<p>Para los\/as estudiantes de maestr\u00eda, doctorado o grupos de investigaci\u00f3n adscritos a organizaciones o universidades privadas, se mantiene el 13 de noviembre como fecha de l\u00edmite para la postulaci\u00f3n de proyectos<\/p>\r\n\r\n<p>Para mayor informaci\u00f3n sobre esta y\/o cualquier inquietud, no dude en comunicarse v\u00eda correo electr\u00f3nico a: fondoinvestigacion@fundacionwwbcol.org; o al tel\u00e9fono en Cali (2) 6670717.<\/p>\r\n","protected":false},"excerpt":{"rendered":"El Fondo Fundaci\u00f3n WWB Colombia para la Investigaci\u00f3n comunica que, debido al paro universitario en el que se encuentran las instituciones educativas p\u00fablicas, se tom\u00f3 la decisi\u00f3n de ampliar el plazo de postulaci\u00f3n de proyectos, hasta el pr\u00f3ximo 20 de diciembre del a\u00f1o en curso. Cabe aclarar que la extensi\u00f3n de la postulaci\u00f3n de proyectos [&hellip;]","protected":false},"author":1,"featured_media":52,"comment_status":"open","ping_status":"open","sticky":false,"template":"","format":"standard","meta":{"footnotes":""},"categories":[26,11],"tags":[],"class_list":["post-321","post","type-post","status-publish","format-standard","has-post-thumbnail","hentry","category-sala-de-prensa","category-uncategorized"],"_links":{"self":[{"href":"https:\/\/fondoparalainvestigacion.fundacionwwbcolombia.org\/en\/wp-json\/wp\/v2\/posts\/321","targetHints":{"allow":["GET"]}}],"collection":[{"href":"https:\/\/fondoparalainvestigacion.fundacionwwbcolombia.org\/en\/wp-json\/wp\/v2\/posts"}],"about":[{"href":"https:\/\/fondoparalainvestigacion.fundacionwwbcolombia.org\/en\/wp-json\/wp\/v2\/types\/post"}],"author":[{"embeddable":true,"href":"https:\/\/fondoparalainvestigacion.fundacionwwbcolombia.org\/en\/wp-json\/wp\/v2\/users\/1"}],"replies":[{"embeddable":true,"href":"https:\/\/fondoparalainvestigacion.fundacionwwbcolombia.org\/en\/wp-json\/wp\/v2\/comments?post=321"}],"version-history":[{"count":5,"href":"https:\/\/fondoparalainvestigacion.fundacionwwbcolombia.org\/en\/wp-json\/wp\/v2\/posts\/321\/revisions"}],"predecessor-version":[{"id":1713,"href":"https:\/\/fondoparalainvestigacion.fundacionwwbcolombia.org\/en\/wp-json\/wp\/v2\/posts\/321\/revisions\/1713"}],"wp:featuredmedia":[{"embeddable":true,"href":"https:\/\/fondoparalainvestigacion.fundacionwwbcolombia.org\/en\/wp-json\/wp\/v2\/media\/52"}],"wp:attachment":[{"href":"https:\/\/fondoparalainvestigacion.fundacionwwbcolombia.org\/en\/wp-json\/wp\/v2\/media?parent=321"}],"wp:term":[{"taxonomy":"category","embeddable":true,"href":"https:\/\/fondoparalainvestigacion.fundacionwwbcolombia.org\/en\/wp-json\/wp\/v2\/categories?post=321"},{"taxonomy":"post_tag","embeddable":true,"href":"https:\/\/fondoparalainvestigacion.fundacionwwbcolombia.org\/en\/wp-json\/wp\/v2\/tags?post=321"}],"curies":[{"name":"wp","href":"https:\/\/api.w.org\/{rel}","templated":true}]}}