{"id":2704,"date":"2023-04-14T22:47:54","date_gmt":"2023-04-14T22:47:54","guid":{"rendered":"https:\/\/fondoparalainvestigacion.fundacionwwbcolombia.org\/en\/resultados-de-la-convocatoria-2022-contextos-para-el-emprendimiento-de-las-mujeres-en-ambitos-rurales\/"},"modified":"2023-04-14T22:47:54","modified_gmt":"2023-04-14T22:47:54","slug":"resultados-de-la-convocatoria-2022-contextos-para-el-emprendimiento-de-las-mujeres-en-ambitos-rurales","status":"publish","type":"post","link":"https:\/\/fondoparalainvestigacion.fundacionwwbcolombia.org\/en\/resultados-de-la-convocatoria-2022-contextos-para-el-emprendimiento-de-las-mujeres-en-ambitos-rurales\/","title":{"rendered":"Resultados de la convocatoria 2022 \u201ccontextos para el emprendimiento de las mujeres en \u00e1mbitos rurales\u201d"},"content":{"rendered":"<style>\r\n@media screen and (max-width:700px) { \r\n .correo-celular{\r\nfont-size: 12px;}\r\n}\r\n    h2{\r\n        color: #253582;\r\n            font-family: 'Nunito', sans-serif;\r\n           font-weight: 600;\r\n            font-size: 25px;\r\n    }\r\n h4{ color: #253582;\r\n            font-family: 'Nunito', sans-serif;\r\n font-weight: 300;\r\n            font-size: 20px;\r\n}\r\n #menu li{list-style-type: decimal; color: ##5a656f;\r\nfont-size: 18px;\r\n}\r\n #menu2 li{ list-style-type: square; color: #253D90;\r\n}\r\na{\r\ncolor:#253D90;\r\n}\r\n<\/style>\r\n\r\n<p>Recibimos 96 postulaciones completas en la convocatoria 2022 (65% de crecimiento respecto al 2021)<\/p><br>\r\n<ul>\r\n<li>\u2022 Aumentamos cobertura geogr\u00e1fica en el n\u00famero de recepci\u00f3n de propuestas de los departamentos de Choc\u00f3 (11) y Nari\u00f1o (6)<\/li><\/ul><br>\r\n\r\n<p>En el 2022 el Fondo Fundaci\u00f3n WWB Colombia para la Investigaci\u00f3n seleccion\u00f3 30 proyectos nuevos: 21 de la modalidad Apoyo al trabajo de campo y 9 de la modalidad Fortalecimiento de capacidades para la investigaci\u00f3n.<\/p><br>\r\n\r\n<p>Con una inversi\u00f3n para el fomento de la investigaci\u00f3n de COP $1.320 millones en el a\u00f1o 2022 destinados para proyectos ejecutados en los departamentos del Choc\u00f3, Valle del Cauca, Cauca y Nari\u00f1o, reafirmamos nuestro compromiso con promover la generaci\u00f3n, difusi\u00f3n y apropiaci\u00f3n del conocimiento, para identificar las brechas de desigualdad que afectan a las mujeres e incidir en su disminuci\u00f3n.<\/p><br>\r\n\r\n<center>\r\n<img decoding=\"async\" src=\"\/wp-content\/uploads\/2023\/04\/foto-1-convocatoria-2022.jpg\"style=\"border-radius: 15px; margin-bottom: 20px; max-width: 700px; width:100%;\"><\/center>\r\n\r\n<p>La Fundaci\u00f3n WWB Colombia agradece a todas las personas que se postularon a esta convocatoria y felicita a las y los estudiantes de los proyectos seleccionados. Tambi\u00e9n la Fundaci\u00f3n hace un reconocimiento a las comunidades que participar\u00e1n de dichos proyectos y que ser\u00e1n beneficiadas a trav\u00e9s de estos.  <\/p><br>\r\n\r\n\r\n<p><b>A continuaci\u00f3n se presentan los proyectos de investigaci\u00f3n seleccionados:<\/b><\/p>\r\n<h2>Modalidad: Apoyo al trabajo de campo <\/h2>\r\n<h4>Proyectos grupos de investigaci\u00f3n<\/h4>\r\n<ul id=\"menu\">\r\n<li> Planta de transformaci\u00f3n comunitaria AMUCIB. Una mirada transdisciplinar a la tecnificaci\u00f3n de las econom\u00edas propias. Laura Escobar, Universidad Externado de Colombia. <\/li><br>\r\n<li> Acceso a servicios de salud sexual y salud reproductiva en mujeres migrantes y v\u00edctimas de desplazamiento forzado en Cali y Bogot\u00e1, DC. 2023. Laura Margarita Bello, Universidad del Valle.<\/li><br>\r\n \r\n<li> De la soberan\u00eda alimentaria a la comercializaci\u00f3n: autonom\u00eda econ\u00f3mica e identidad campesina de mujeres organizadas en el municipio de Tulu\u00e1, Valle del Cauca. Mar\u00eda Catalina G\u00f3mez, Pontificia Universidad Javeriana Cali. <\/li><br>\r\n\r\n\r\n<li> Tesoros en el bosque: Investigaci\u00f3n participativa y apropiaci\u00f3n social del conocimiento para la valorizaci\u00f3n del patrimonio biocultural por mujeres emprendedoras en turismo de naturaleza. Nicola Flanagan, Pontificia Universidad Javeriana Cali. <\/li><br>\r\n\r\n\r\n<li> Propuesta pol\u00edtica de las mujeres para posicionar la paz en el territorio de Nari\u00f1o. Maria Elena Erazo, Universidad de Nari\u00f1o.<\/li><br>\r\n\r\n\r\n<li> Fomento de seguridad alimentaria y nutricional de familias lideradas por mujeres rurales en el corregimiento de Obonuco, departamento de Nari\u00f1o. Pedro Pablo Bacca, AGROSAVIA.<\/li><br>\r\n<\/ul>\r\n\r\n<h4>Proyectos estudiantes de maestr\u00eda<\/h4>\r\n<ul id=\"menu\">\r\n\r\n<li>Mujeres negras rurales, cartograf\u00edas multi productivas y luchas por lo com\u00fan. El caso de las Mujeres de r\u00edo, mar y manglar en la zona rural del Municipio de Guapi, Cauca. Emily Vanessa Ca\u00f1\u00f3n Salazar, Universidad Nacional de Colombia.<\/li><br>\r\n\r\n\r\n<li>Pre-icfes comunitario y popular \u00abPaulo Freire\u00bb una apuesta de Educaci\u00f3n Libertaria para Ennegrecer las Universidades. Maira Alejandra Alzate Zapata, Universidad Icesi. <\/li>\r\n<br>\r\n\r\n<li>Aportes del Sistema Integral de Verdad, Justicia, Reparaci\u00f3n y no Repetici\u00f3n en la reparaci\u00f3n de las mujeres v\u00edctimas de violencia sexual en el marco del conflicto armado colombiano en Tumaco, Nari\u00f1o. Mar\u00eda Carolina Burgos Garc\u00eda, Universidad del Rosario. <\/li><br>\r\n\r\n\r\n<li>Apropiaci\u00f3n social del conocimiento  para la protecci\u00f3n, mejora y difusi\u00f3n de aspectos naturales y paisaj\u00edsticos de la quebrada Ox\u00edgeno Verde, con el grupo de mujeres emprendedoras sector los naranjos. Popay\u00e1n, Cauca. Christian Yesid Ch\u00e1vez L\u00f3pez, Universidad del Cauca. <\/li><br>\r\n\r\n\r\n<li>Aportes de la econom\u00eda social y solidaria a la construcci\u00f3n del buen vivir campesino. Experiencia del Comit\u00e9 de Mujeres en Inz\u00e1, Cauca. Rubby Yesenia Parrado Rodr\u00edguez, Universidad Nacional de Colombia. <\/li><br>\r\n\r\n\r\n<li>Investigaci\u00f3n y acci\u00f3n participativa para el desarrollo sostenible del emprendimiento productivo de la Fundaci\u00f3n Mujeres Vig\u00edas de la Piangua en el pac\u00edfico Colombiano. Irene Platarrueda L\u00f3pez, Universidad Cat\u00f3lica de Lovaina (B\u00e9lgica)<\/li><br>\r\n\r\n<li>Mujeres afrocolombianas y la defensa de sus cuerpos-territorio-agua-tierra en el Pac\u00edfico Colombiano, Buenaventura \u2013 Valle del Cauca. Saray Vanessa Chavarr\u00eda Campos, FLACSO Ecuador.  <\/li><br>\r\n\r\n<li>Afectaciones de las mujeres de la Asociaci\u00f3n de sabedoras de la Cocina Tradicional del Pac\u00edfico colombiano durante el proyecto de renovaci\u00f3n y transformaci\u00f3n integral del espacio p\u00fablico de la plaza de mercado Jos\u00e9 Hilario L\u00f3pez del Distrito de Buenaventura entre los a\u00f1os 2015 al 2020. Diana Mar\u00eda Lara Rivas, Universidad Santo Tom\u00e1s.<\/li><br>\r\n<\/ul>\r\n\r\n<center>\r\n<img decoding=\"async\" src=\"\/wp-content\/uploads\/2023\/04\/foto-2-convocatoria-2022.jpg\"style=\"border-radius: 15px; margin-bottom: 20px; max-width: 700px; width:100%;\"><\/center>\r\n\r\n<h4>Proyectos de estudiantes de doctorado<\/h4>\r\n<ul id=\"menu\">\r\n\r\n<li>Fortalecimiento del emprendimiento rural como una estrategia de desarrollo territorial: empoderando a las comunidades para su propio buen-vivir. Irina Margarita Jurado Paz, Universidad de Celaya (M\u00e9xico). <\/li>\r\n<br>\r\n\r\n<li>La distribuci\u00f3n del trabajo de cuidado y el fortalecimiento de las asociaciones productivas de mujeres en el Pac\u00edfico Colombiano. Ferley Rinc\u00f3n, Universidad del Rosario. <\/li><br>\r\n\r\n\r\n<li>Modelo de planificaci\u00f3n territorial incluyendo multifuncionalidad de servicios ecosist\u00e9micos y percepciones de uso del suelo por parte de mujeres de acueductos rurales. C\u00e9sar Augusto Rojas Jim\u00e9nez, Universidad de Bogot\u00e1 Jorge Tadeo Lozano. <\/li><br>\r\n\r\n\r\n<li>Historiograf\u00eda de la participaci\u00f3n de las mujeres afrodescendientes en los movimientos sociales en el contexto de las luchas pol\u00edticas por justicia y equidad. Ana Mercedes Sarria Palacio, Universidad de la Salle. <\/li><br>\r\n\r\n\r\n<li>Dise\u00f1o de un programa de monitoreo comunitario a partir de la identificaci\u00f3n participativa de (socio) bioindicadores con enfoque de g\u00e9nero y valoraci\u00f3n plural en jamund\u00ed valle del cauca. Paula Catalina Pinilla Cort\u00e9s, Universidad de Bogot\u00e1 Jorge Tadeo Lozano. <\/li><br>\r\n\r\n\r\n<li>La cultura de la chagra como pr\u00e1ctica cotidiana de resistencia y construcci\u00f3n de paz. Una propuesta intercultural en la Instituci\u00f3n T\u00e9cnica agropecuaria ind\u00edgena Cumbe Municipio de Cumbal. Celia Yaneth Enr\u00edquez Valenzuela, Universidad del Cauca. <\/li><br>\r\n\r\n<li>Contribuci\u00f3n al proceso de Transici\u00f3n a la agroecolog\u00eda de agricultores familiares de la Asociaci\u00f3n APROFRUM Guadalajara de Buga y Guacar\u00ed, Valle del Cauca. Jacqueline Trochez Candamil, Universidad Nacional de Colombia Palmira.<\/li><\/ul><br>\r\n<center>\r\n<img decoding=\"async\" src=\"\/wp-content\/uploads\/2023\/04\/foto-3-convocatoria-2022.jpg\"style=\"border-radius: 15px; margin-bottom: 20px; max-width: 700px; width:100%;\"><\/center>\r\n\r\n<h2><b>Modalidad: Fortalecimiento de capacidades para la investigaci\u00f3n  <\/b><\/h2>\r\n\r\n<h4>Grupos de investigaci\u00f3n<\/h4>\r\n\r\n<ul id=\"menu\">\r\n<li>C\u00edrculos matem\u00e1ticos de chicas para chicas en Nari\u00f1o. Laura G\u00f3mez Bermeo, Universidad Sergio Arboleda.<\/li> <br>\r\n\r\n\r\n<li>Prevenci\u00f3n de enfermedades cardiovasculares en mujeres rurales mediante pr\u00e1cticas alimentarias saludables. Paula Andrea Tamayo Montoya, Universidad Santiago de Cali. <\/li><br>\r\n\r\n\r\n<li>Fortalecimiento de capacidades en atenci\u00f3n primaria en salud para las mujeres de Bojay\u00e1 y Vig\u00eda del Fuerte a trav\u00e9s de un programa de abordajes corporales. Olga Luc\u00eda Montoya Hurtado, Escuela Colombiana de Rehabilitaci\u00f3n. <\/li><br>\r\n\r\n\r\n<li>Estrategias participativas en metodolog\u00edas investigativas feministas que fortalecen las construcciones sociales, comunitarias y pol\u00edticas de las mujeres en el Choc\u00f3. Yineth Mosquera Ruiz, Fundaci\u00f3n Universitaria Claretiana (Uniclaretiana)<\/li><br>\r\n<\/ul>\r\n\r\n<h4>Semilleros de investigaci\u00f3n<\/h4>\r\n<ul id=\"menu\">\r\n\r\n<li>Desarrollo de la planificaci\u00f3n tur\u00edstica de las veredas la Yunga, R\u00edo Hondo y el Tabl\u00f3n, de la ciudad de Popay\u00e1n, Cauca. Amanda Luc\u00eda Fern\u00e1ndez P\u00e9rez, Universidad del Cauca. <\/li><br>\r\n\r\n\r\n<li>Percepci\u00f3n de madres recicladoras sobre la conciliaci\u00f3n entre vida laboral y familiar. Claudia Patricia Valencia Otoya, Corporaci\u00f3n Universitaria Minuto de Dios. <\/li><br>\r\n\r\n\r\n<li>L\u00edderes, emprendedoras, madres, esposas e hijas: La relaci\u00f3n entre el liderazgo femenino asociado al agua, su vida dom\u00e9stica y laboral. Mujeres Ind\u00edgenas Nasa por el Emprendimiento en perspectiva intercultural desde el di\u00e1logo de saberes. Santiago Andr\u00e9s \u00c1lvarez Tobar, Pontificia Universidad Javeriana Cali. <\/li><br>\r\n\r\n\r\n<li>Mujeres Ind\u00edgenas Nasa por el Emprendimiento en perspectiva intercultural desde el di\u00e1logo de saberes. Adriana Menza Campo, Pontificia Universidad Javeriana &#8211; Cali.<\/li><br>\r\n\r\n\r\n<li>Mejoramiento de las condiciones de salud de las mujeres del sector rural de Sevilla, Valle del Cauca, por medio de la investigaci\u00f3n-acci\u00f3n participativa. Jorge El\u00ed\u00e9cer Manrique Julio, Fundaci\u00f3n Universitaria Mar\u00eda Cano.<br>\r\n<\/li><\/ul><br>\r\n\r\n\r\n<center>\r\n<img decoding=\"async\" src=\"\/wp-content\/uploads\/2023\/04\/foto-4-convocatoria-2022.jpg\"style=\"border-radius: 15px; margin-bottom: 20px; max-width: 700px; width:100%;\"><\/center>\r\n\r\n<h2>\u00bfC\u00f3mo fue el proceso de selecci\u00f3n?<\/h2>\r\n\r\n<p>Las propuestas recibidas en la convocatoria 2022 que cumpl\u00edan con los requisitos m\u00ednimos exigidos en los t\u00e9rminos de referencia fueron enviadas a evaluaci\u00f3n externa. Dichas evaluaciones fueron realizadas por investigadoras\/es nacionales y extranjeros con reconocida trayectoria en los campos de investigaci\u00f3n de la convocatoria. <\/p><br><br>\r\n\r\n<p>Una vez recibidas las valoraciones, integrantes de la Direcci\u00f3n de Investigaci\u00f3n (Dra. Ana Bolena Escobar, directora de Investigaci\u00f3n de la Fundaci\u00f3n WWB Colombia y la Dra. Soraya Husain Talero, l\u00edder de Investigaci\u00f3n de la misma organizaci\u00f3n), validaron las calificaciones asignadas, analizando la pertinencia y calidad de cada una de las propuestas, para llegar a la selecci\u00f3n final de treinta proyectos de investigaci\u00f3n a financiar con recursos no reembolsables. <\/p><br>\r\n<p style=\"font-size:20px; color: #11438F;\"><b>Si quieres conocer algunos de los proyectos que hemos apoyado en el Fondo Fundaci\u00f3n para la investigaci\u00f3n, ingresa al link a continuaci\u00f3n: <a class=\"correo-celular\" href=https:\/\/fondoparalainvestigacion.fundacionwwbcolombia.org\/sala-de-prensa\/\" target=\"_blank\" rel=\"noopener noreferrer\">https:\/\/fondoparalainvestigacion.fundacionwwbcolombia.org\/sala-de-prensa\/<\/a> o visitar nuestra p\u00e1gina web <a class=\"correo-celular\" href=\"https:\/\/fondoparalainvestigacion.fundacionwwbcolombia.org\/\" target=\"_blank\" rel=\"noopener noreferrer\">fondoinvestigacion@fundacionwwbcol.org.<\/a> Tambi\u00e9n podr\u00e1s encontrar informaci\u00f3n en las redes sociales de la Fundaci\u00f3n WWB Colombia.<\/p><\/b>","protected":false},"excerpt":{"rendered":"Recibimos 96 postulaciones completas en la convocatoria 2022 (65% de crecimiento respecto al 2021) \u2022 Aumentamos cobertura geogr\u00e1fica en el n\u00famero de recepci\u00f3n de propuestas de los departamentos de Choc\u00f3 (11) y Nari\u00f1o (6) En el 2022 el Fondo Fundaci\u00f3n WWB Colombia para la Investigaci\u00f3n seleccion\u00f3 30 proyectos nuevos: 21 de la modalidad Apoyo al [&hellip;]","protected":false},"author":1,"featured_media":0,"comment_status":"open","ping_status":"open","sticky":false,"template":"","format":"standard","meta":{"footnotes":""},"categories":[25,26,11],"tags":[],"class_list":["post-2704","post","type-post","status-publish","format-standard","hentry","category-comunicado-de-prensa-en","category-sala-de-prensa","category-uncategorized"],"_links":{"self":[{"href":"https:\/\/fondoparalainvestigacion.fundacionwwbcolombia.org\/en\/wp-json\/wp\/v2\/posts\/2704","targetHints":{"allow":["GET"]}}],"collection":[{"href":"https:\/\/fondoparalainvestigacion.fundacionwwbcolombia.org\/en\/wp-json\/wp\/v2\/posts"}],"about":[{"href":"https:\/\/fondoparalainvestigacion.fundacionwwbcolombia.org\/en\/wp-json\/wp\/v2\/types\/post"}],"author":[{"embeddable":true,"href":"https:\/\/fondoparalainvestigacion.fundacionwwbcolombia.org\/en\/wp-json\/wp\/v2\/users\/1"}],"replies":[{"embeddable":true,"href":"https:\/\/fondoparalainvestigacion.fundacionwwbcolombia.org\/en\/wp-json\/wp\/v2\/comments?post=2704"}],"version-history":[{"count":1,"href":"https:\/\/fondoparalainvestigacion.fundacionwwbcolombia.org\/en\/wp-json\/wp\/v2\/posts\/2704\/revisions"}],"predecessor-version":[{"id":3155,"href":"https:\/\/fondoparalainvestigacion.fundacionwwbcolombia.org\/en\/wp-json\/wp\/v2\/posts\/2704\/revisions\/3155"}],"wp:attachment":[{"href":"https:\/\/fondoparalainvestigacion.fundacionwwbcolombia.org\/en\/wp-json\/wp\/v2\/media?parent=2704"}],"wp:term":[{"taxonomy":"category","embeddable":true,"href":"https:\/\/fondoparalainvestigacion.fundacionwwbcolombia.org\/en\/wp-json\/wp\/v2\/categories?post=2704"},{"taxonomy":"post_tag","embeddable":true,"href":"https:\/\/fondoparalainvestigacion.fundacionwwbcolombia.org\/en\/wp-json\/wp\/v2\/tags?post=2704"}],"curies":[{"name":"wp","href":"https:\/\/api.w.org\/{rel}","templated":true}]}}