{"id":2326,"date":"2023-03-09T21:25:58","date_gmt":"2023-03-09T21:25:58","guid":{"rendered":"https:\/\/fondoparalainvestigacion.fundacionwwbcolombia.org\/en\/el-fondo-fundacion-wwb-colombia-para-la-investigacion-abrio-la-convocatoria-2023-y-trae-dos-nuevos-campos-de-investigacion\/"},"modified":"2023-10-02T16:41:15","modified_gmt":"2023-10-02T16:41:15","slug":"el-fondo-fundacion-wwb-colombia-para-la-investigacion-abrio-la-convocatoria-2023-y-trae-dos-nuevos-campos-de-investigacion","status":"publish","type":"post","link":"https:\/\/fondoparalainvestigacion.fundacionwwbcolombia.org\/en\/el-fondo-fundacion-wwb-colombia-para-la-investigacion-abrio-la-convocatoria-2023-y-trae-dos-nuevos-campos-de-investigacion\/","title":{"rendered":"El Fondo Fundaci\u00f3n WWB Colombia para la Investigaci\u00f3n, abri\u00f3 la Convocatoria 2023 y trae dos nuevos campos de investigaci\u00f3n"},"content":{"rendered":"<script type=\"text\/javascript\">\r\nwindow.location=\"https:\/\/fondoparalainvestigacion.fundacionwwbcolombia.org\/el-fondo-fundacion-wwb-colombia-para-la-investigacion-anuncia-el-cierre-de-la-convocatoria-2023\/\";\r\n<\/script>\r\n<style><span style=\"display: inline-block; width: 0px; overflow: hidden; line-height: 0;\" data-mce-type=\"bookmark\" class=\"mce_SELRES_start\">\ufeff<\/span><br \/>\r\n.imagen-noticia{<br \/>\r\ndisplay:none;<br \/>\r\n}<br \/>\r\n    h2{<br \/>\r\n        color: #253582;<br \/>\r\n            font-family: 'Nunito', sans-serif;<br \/>\r\n           font-weight: 600;<br \/>\r\n            font-size: 25px;<br \/>\r\n    }<br \/>\r\n h3{ color: #253582;<br \/>\r\n            font-family: 'Nunito', sans-serif;<br \/>\r\n font-weight: 300;<br \/>\r\n            font-size: 20px;<br \/>\r\n}<br \/>\r\n #menu li{list-style-type: circle; color: #253D90;<br \/>\r\n}<br \/>\r\n #menu2 li{ list-style-type: square; color: #253D90;<br \/>\r\n}<br \/>\r\na{<br \/>\r\ncolor:#253D90;<br \/>\r\n}<br \/>\r\n<\/style>\r\n<p>La Fundaci\u00f3n WWB Colombia promueve la generaci\u00f3n, difusi\u00f3n y apropiaci\u00f3n del conocimiento, para identificar las<b> brechas de desigualdad<\/b> que afectan a las mujeres e incidir en su disminuci\u00f3n, es por esto que el pasado 17 de febrero anunci\u00f3 sus dos nuevos campos de investigaci\u00f3n para la <b>Convocatoria 2023<\/b> : \u201cContextos y oportunidades para el cierre de brechas de desigualdad que afectan a las mujeres en \u00e1mbitos rurales: <b>Cuidado y Salud sexual y reproductiva en la regi\u00f3n Pac\u00edfico de Colombia\u201d.<\/b> <\/p><br>\r\n\r\n<p>En esta <b>convocatoria,<\/b> el Fondo Fundaci\u00f3n WWB Colombia contar\u00e1 con una inversi\u00f3n total de COP $1.554.000.000 no reembolsables, para <b>financiar<\/b> 30 proyectos de <b>estudiantes de maestr\u00eda y doctorado, grupos de investigaci\u00f3n, centros, semilleros y organizaciones sociales.<\/b><\/p><br>\r\n\r\n<p>La iniciativa comprende dos modalidades: <b>Apoyo al trabajo de campo,<\/b> en la que se busca promover investigaciones colaborativas y participativas e investigaciones aplicadas, y <b>Fortalecimiento de capacidades para la Investigaci\u00f3n,<\/b> que apoya proyectos para la generaci\u00f3n y fortalecimiento de capacidades a trav\u00e9s de actividades pedag\u00f3gicas.<\/p>\r\n\r\n<h2>La convocatoria tiene tres periodos de aplicaci\u00f3n durante el a\u00f1o:<\/h2>\r\n<p style=\"color: #253D90;\"><b>Apoyo al trabajo de campo<\/p><\/b>\r\n\r\n<ul>\r\n \t<li><b><b>Estudiantes de maestr\u00eda y doctorado<\/b><\/b><\/li>\r\n<\/ul>\r\n<ul id=\"menu\">\r\n \t<li>Semestre A: 17 de febrero &#8211; 17 de abril<\/li>\r\n \t<li>Semestre B: 4 de julio &#8211; 15 de septiembre<\/li>\r\n<\/ul>\r\n<\/li>\r\n<\/ul>\r\n<ul>\r\n \t<li><b><b>Grupos de investigaci\u00f3n:<\/b><\/b><\/li>\r\n<\/ul>\r\n<ul id=\"menu\">\r\n \t<li style=\"list-style-type: none;\">\r\n \t<li>31 de marzo &#8211; 7 de julio<\/li>\r\n<\/ul>\r\n<\/li>\r\n<\/ul>\r\n<p style=\"color: #253D90;\"><b>Fortalecimiento de capacidades para la investigaci\u00f3n<p\/><\/b>\r\n<ul>\r\n \t<li><b><b>Grupos, centros y semilleros de investigaci\u00f3n<\/b><\/b><\/li>\r\n<\/ul>\r\n\r\n<ul id=\"menu\">\r\n \t<li style=\"list-style-type: none;\">\r\n \t<li>31 de marzo &#8211; 7 de julio<\/li>\r\n<\/ul>\r\n<\/li>\r\n<\/ul>\r\n<div style=\"margin-top: 20px;\"><img decoding=\"async\" style=\"margin-bottom: 20px; width: 400px; float: right; margin-left: 40px;\" src=\"\/wp-content\/uploads\/2023\/03\/foto-1-noticia-convocatoria-2023.jpg\"\/>\r\n<p>Si te encuentras interesado en postular tu <b>proyecto de investigaci\u00f3n<\/b> y cumples con los requisitos que se solicitan para la <b>Convocatoria 2023,<\/b> tu proyecto deber\u00e1 estar enmarcado en las siguientes tem\u00e1ticas de investigaci\u00f3n: <b>Cuidado, salud sexual y reproductiva, g\u00e9nero, emprendimiento, poblaci\u00f3n en situaci\u00f3n de vulnerabilidad e inclusi\u00f3n financiera.<\/b>\r\n<\/p>\r\n<p>\u201cPara nosotras la investigaci\u00f3n y convocatoria a la que aplicamos fue muy importante porque fortalece las capacidades que existe en el pa\u00eds en investigaci\u00f3n, y genera lazos con mujeres y comunidades de las regiones en las que se vinculan los proyectos, adem\u00e1s, que en nuestro caso, nos ayud\u00f3 a visibilizar los saberes de ellas en la cocina, sus procesos de resiliencia, y sus unidades de negocio\u201d. <b>Menciona Diana Vernot, l\u00edder de investigaci\u00f3n del proyecto Mujeres, migraci\u00f3n, informalidad y cocina: comprensi\u00f3n de condiciones laborales en la comuna 11 de Santiago de Cali. Universidad de la sabana.<\/b><\/p>\r\n<\/div>\r\n<hr \/>\r\n\r\n<div style=\"margin-top: 10px;\"><center><a href=\"https:\/\/fondoparalainvestigacion.fundacionwwbcolombia.org\/proyecto\/\"><img loading=\"lazy\" decoding=\"async\" class=\"alignnone\" style=\"width: 800px; border-radius: 10px;\" src=\"\/wp-content\/uploads\/2023\/03\/2-Mailing-informativo-convocatoria-2023-FFI.png\" alt=\"\" width=\"850\" height=\"1838\" \/><\/a><\/center><\/div>\r\n\r\n<p>\u2022 La convocatoria en la modalidad Apoyo al trabajo de campo (semestre I), dirigida a estudiantes de maestr\u00eda y doctorado, est\u00e1 abierta desde el 17 de febrero hasta el 17 de abril. Los grupos y semilleros de investigaci\u00f3n podr\u00e1n aplicar a ambas modalidades del Fondo a partir del 31 de marzo.<\/p>\r\n\r\n<p>Si quieres conocer m\u00e1s sobre la <b>Convocatoria 2023<\/b> puedes ingresar a la p\u00e1gina <a href=\"https:\/\/fondoparalainvestigacion.fundacionwwbcolombia.org\/proyecto\/\" target=\"_blank\" rel=\"noopener\"> Fondo para la investigaci\u00f3n<\/a> o escribir al correo electr\u00f3nico<a href=\"mailto: fondoinvestigacion@fundacionwwbcol.org\" target=\"_blank\" rel=\"noopener\"> fondoinvestigacion@fundacionwwbcol.org.<\/a> Tambi\u00e9n podr\u00e1s encontrar informaci\u00f3n en las redes sociales de la Fundaci\u00f3n WWB Colombia.<\/p>","protected":false},"excerpt":{"rendered":"La Fundaci\u00f3n WWB Colombia promueve la generaci\u00f3n, difusi\u00f3n y apropiaci\u00f3n del conocimiento, para identificar las brechas de desigualdad que afectan a las mujeres e incidir en su disminuci\u00f3n, es por esto que el pasado 17 de febrero anunci\u00f3 sus dos nuevos campos de investigaci\u00f3n para la Convocatoria 2023 : \u201cContextos y oportunidades para el cierre [&hellip;]","protected":false},"author":1,"featured_media":0,"comment_status":"open","ping_status":"open","sticky":false,"template":"","format":"standard","meta":{"footnotes":""},"categories":[25,26,11],"tags":[],"class_list":["post-2326","post","type-post","status-publish","format-standard","hentry","category-comunicado-de-prensa-en","category-sala-de-prensa","category-uncategorized"],"_links":{"self":[{"href":"https:\/\/fondoparalainvestigacion.fundacionwwbcolombia.org\/en\/wp-json\/wp\/v2\/posts\/2326","targetHints":{"allow":["GET"]}}],"collection":[{"href":"https:\/\/fondoparalainvestigacion.fundacionwwbcolombia.org\/en\/wp-json\/wp\/v2\/posts"}],"about":[{"href":"https:\/\/fondoparalainvestigacion.fundacionwwbcolombia.org\/en\/wp-json\/wp\/v2\/types\/post"}],"author":[{"embeddable":true,"href":"https:\/\/fondoparalainvestigacion.fundacionwwbcolombia.org\/en\/wp-json\/wp\/v2\/users\/1"}],"replies":[{"embeddable":true,"href":"https:\/\/fondoparalainvestigacion.fundacionwwbcolombia.org\/en\/wp-json\/wp\/v2\/comments?post=2326"}],"version-history":[{"count":5,"href":"https:\/\/fondoparalainvestigacion.fundacionwwbcolombia.org\/en\/wp-json\/wp\/v2\/posts\/2326\/revisions"}],"predecessor-version":[{"id":2921,"href":"https:\/\/fondoparalainvestigacion.fundacionwwbcolombia.org\/en\/wp-json\/wp\/v2\/posts\/2326\/revisions\/2921"}],"wp:attachment":[{"href":"https:\/\/fondoparalainvestigacion.fundacionwwbcolombia.org\/en\/wp-json\/wp\/v2\/media?parent=2326"}],"wp:term":[{"taxonomy":"category","embeddable":true,"href":"https:\/\/fondoparalainvestigacion.fundacionwwbcolombia.org\/en\/wp-json\/wp\/v2\/categories?post=2326"},{"taxonomy":"post_tag","embeddable":true,"href":"https:\/\/fondoparalainvestigacion.fundacionwwbcolombia.org\/en\/wp-json\/wp\/v2\/tags?post=2326"}],"curies":[{"name":"wp","href":"https:\/\/api.w.org\/{rel}","templated":true}]}}